[{"@context":"https:\/\/schema.org\/","@type":"Article","@id":"https:\/\/www.majami.cz\/co-je-to-krasa\/#Article","mainEntityOfPage":"https:\/\/www.majami.cz\/co-je-to-krasa\/","headline":"Co je to kr\u00e1sa?","name":"Co je to kr\u00e1sa?","description":"Ka\u017ed\u00fd \u010dlov\u011bk vn\u00edm\u00e1 kr\u00e1su \u00fapln\u011b jinak, n\u011bkdo ale t\u0159eba zase na kr\u00e1su nehled\u00ed. Mysl\u00edm na tu kr\u00e1su, kter\u00e1 je vn\u011bj\u0161\u00ed [&hellip;]","datePublished":"2023-10-24","dateModified":"2023-10-24","author":{"@type":"Person","@id":"https:\/\/www.majami.cz\/author\/devene\/#Person","name":"devene","url":"https:\/\/www.majami.cz\/author\/devene\/","identifier":1,"image":{"@type":"ImageObject","@id":"https:\/\/secure.gravatar.com\/avatar\/56990d361a15c60249588fcd5c65556d1c39f993ac5e20b5abce42fd817b46e8?s=96&d=mm&r=g","url":"https:\/\/secure.gravatar.com\/avatar\/56990d361a15c60249588fcd5c65556d1c39f993ac5e20b5abce42fd817b46e8?s=96&d=mm&r=g","height":96,"width":96}},"publisher":{"@type":"Organization","name":"majami.cz","logo":{"@type":"ImageObject","@id":"\/logo.png","url":"\/logo.png","width":600,"height":60}},"image":{"@type":"ImageObject","@id":"https:\/\/www.majami.cz\/wp-content\/uploads\/woman-1284411_960_720_2.jpg","url":"https:\/\/www.majami.cz\/wp-content\/uploads\/woman-1284411_960_720_2.jpg","height":0,"width":0},"url":"https:\/\/www.majami.cz\/co-je-to-krasa\/","about":["Kr\u00e1sa"],"wordCount":451,"articleBody":"Ka\u017ed\u00fd \u010dlov\u011bk vn\u00edm\u00e1 kr\u00e1su \u00fapln\u011b jinak, n\u011bkdo ale t\u0159eba zase na kr\u00e1su nehled\u00ed. Mysl\u00edm na tu kr\u00e1su, kter\u00e1 je vn\u011bj\u0161\u00ed n\u011bkdo mysl\u00ed zase na tu vnit\u0159n\u00ed kr\u00e1su. Proto\u017ee vnit\u0159n\u00ed kr\u00e1sa pro n\u011bkoho znamen\u00e1 v\u00edc ne\u017e ta vn\u011bj\u0161\u00ed kr\u00e1sa. Kdybyste se zeptali m\u011b, tak u m\u011b to opravdu neplat\u00ed. Chci abys p\u00ed\u0161e, \u010dlov\u011bk mi byl v\u00edce sympatick\u00fd, ne\u017e aby byl opravdu nejkr\u00e1sn\u011bj\u0161\u00ed na sv\u011bt\u011b. V\u00e1\u017en\u011b bych necht\u011bla m\u00edt doma n\u011bjak\u00e9ho modela, kter\u00fd by opravdu v hlav\u011b nic nem\u011bl. Tohle by se mi opravdu nel\u00edbilo chci, abych se tak\u00e9 mohla s n\u011bk\u00fdm popov\u00eddat a takov\u00e9ho mu\u017ee, se kter\u00fdm se budu c\u00edtit v\u017edycky v bezpe\u010d\u00ed. A, se kter\u00fdm se budu c\u00edtit v\u017edycky v po\u0159\u00e1dku, proto jsem si \u0159ekla, \u017ee j\u00e1 osobn\u011b na kr\u00e1su nikdy hled\u011bt nebudu. Je tohle vlastn\u011b ani nezaj\u00edm\u00e1. Nav\u00edc j\u00e1 m\u00e1m takovou v\u00fdhodu, \u017ee nem\u00e1m takov\u00e9 n\u00e1roky jako t\u0159eba moje kamar\u00e1dka. Moje kamar\u00e1dka \u0159\u00edk\u00e1, \u017ee by v\u017edycky cht\u011bla mu\u017ee, kter\u00fd je vysok\u00fd a opravdu hodn\u011b svalnat\u00fd. Abych se p\u0159iznala, tak m\u011b se tohle v\u016fbec nel\u00edb\u00ed. Nem\u00e1m r\u00e1da opravdu huben\u00e9 mu\u017ee anebo extra svalnat\u00e9 mu\u017ee m\u00e1m r\u00e1da takov\u00fd zlat\u00fd st\u0159ed. L\u00edb\u00ed se mi opravdu oby\u010dejn\u00fd norm\u00e1ln\u00ed mu\u017e. A jsem r\u00e1da, \u017ee m\u00e1m takov\u00fdto vkus, proto\u017ee takov\u00fdch m\u016f\u017eu, je na\u0161t\u011bst\u00ed hodn\u011b. Tak\u017ee m\u00e1m alespo\u0148 na v\u00fdb\u011br.Tak\u00e9 jsem si \u0159ekla, \u017ee \u010dlov\u011bk nesm\u00ed vlastn\u011b kr\u00e1su br\u00e1t \u00fapln\u011b v\u00e1\u017en\u011b. Kr\u00e1sa je pom\u00edjiv\u00e1. Kdy\u017e \u010dlov\u011bk n\u011bjak vypad\u00e1 v dne\u0161n\u00ed dob\u011b, tak jinak bude vypadat t\u0159eba za p\u011bt\u00a0nebo za deset\u00a0let, tak\u017ee \u010dlov\u011bk tak\u00e9 mus\u00ed po\u010d\u00edtat s t\u00edm, \u017ee vlastn\u011b \u010dlov\u011bk se zm\u011bn\u00ed. Av\u0161ak povaha, tak ta samoz\u0159ejm\u011b m\u016f\u017ee z\u016fstat. Jist\u011b, m\u016f\u017ee se tak\u00e9 zm\u011bnit, ale opravdu to nebude tak v\u00fdrazn\u00fd rozd\u00edl, jako t\u0159eba nap\u0159\u00edklad ve vzhledu. Tak\u017ee lid\u00e9 by se tak\u00e9 m\u011bli d\u00e1t pozor, jak vlastn\u011b na kr\u00e1su hled\u00ed nebo jak\u00fd druh a typ kr\u00e1sy maj\u00ed r\u00e1di. M\u00e1 kamar\u00e1dka je sp\u00ed\u0161e na takov\u00fd vizu\u00e1ln\u00ed typ kr\u00e1sy. J\u00e1 j\u00ed to neberu, ale jednou\u00a0se ur\u010dit\u011b sp\u00e1l\u00ed, a\u017e zjist\u00ed, \u017ee t\u0159eba vnit\u0159n\u00ed kr\u00e1sa a povaha je d\u016fle\u017eit\u011bj\u0161\u00ed.\u00a0                                                                                                                                                                                                                                                                                                                                                                                                "},{"@context":"https:\/\/schema.org\/","@type":"BreadcrumbList","itemListElement":[{"@type":"ListItem","position":1,"name":"Co je to kr\u00e1sa?","item":"https:\/\/www.majami.cz\/co-je-to-krasa\/#breadcrumbitem"}]}]