[{"@context":"https:\/\/schema.org\/","@type":"Article","@id":"https:\/\/www.majami.cz\/kam-s-nimi\/#Article","mainEntityOfPage":"https:\/\/www.majami.cz\/kam-s-nimi\/","headline":"Kam s nimi","name":"Kam s nimi","description":"1. Letn\u00ed t\u00e1bor Nechce se v\u00e1m va\u0161e drah\u00e9 mil\u00e1\u010dky pos\u00edlat pod stan, kde budou j\u00edst z plechov\u00fdch misek a pl\u00ed\u017eit [&hellip;]","datePublished":"2025-02-27","dateModified":"2025-02-27","author":{"@type":"Person","@id":"https:\/\/www.majami.cz\/author\/devene\/#Person","name":"devene","url":"https:\/\/www.majami.cz\/author\/devene\/","identifier":1,"image":{"@type":"ImageObject","@id":"https:\/\/secure.gravatar.com\/avatar\/56990d361a15c60249588fcd5c65556d1c39f993ac5e20b5abce42fd817b46e8?s=96&d=mm&r=g","url":"https:\/\/secure.gravatar.com\/avatar\/56990d361a15c60249588fcd5c65556d1c39f993ac5e20b5abce42fd817b46e8?s=96&d=mm&r=g","height":96,"width":96}},"publisher":{"@type":"Organization","name":"majami.cz","logo":{"@type":"ImageObject","@id":"\/logo.png","url":"\/logo.png","width":600,"height":60}},"image":{"@type":"ImageObject","@id":"https:\/\/www.majami.cz\/wp-content\/uploads\/img_a311264_w2205_t1522142980.jpg","url":"https:\/\/www.majami.cz\/wp-content\/uploads\/img_a311264_w2205_t1522142980.jpg","height":0,"width":0},"url":"https:\/\/www.majami.cz\/kam-s-nimi\/","wordCount":423,"articleBody":"1. Letn\u00ed t\u00e1bor Nechce se v\u00e1m va\u0161e drah\u00e9 mil\u00e1\u010dky pos\u00edlat pod stan, kde budou j\u00edst z plechov\u00fdch misek a pl\u00ed\u017eit se podrostem? Nemus\u00edte se b\u00e1t, dne\u0161n\u00ed t\u00e1bory toho nab\u00edzej\u00ed daleko v\u00edce. M\u00e1 va\u0161e d\u00edt\u011b r\u00e1do nap\u0159\u00edklad aerobic, kon\u011b, basketball nebo je dokonce fanou\u0161kem klasick\u00fdch t\u00e1bor\u016f? Dne\u0161n\u00ed v\u00fdb\u011br je obrovsk\u00fd, sta\u010d\u00ed jen naj\u00edt to, co d\u00edt\u011bti bude sed\u011bt. Zejm\u00e9na u sportovn\u00edch t\u00e1bor\u016f je ale d\u016fle\u017eit\u00e1 jedna v\u011bc: zeptejte se sv\u00e9ho potomka, jestli opravdu chce jet. Za v\u0161echny vedouc\u00ed, kte\u0159\u00ed se kdy museli srovnat s mal\u00fdm nesportovcem, kter\u00e9ho rodi\u010de poslali na t\u00e1bor s c\u00edlem kone\u010dn\u011b z n\u011bj vychovat atleta, ned\u011blejte to. Mluvte s d\u011btmi, nechte je si vybrat, a pokud je to va\u0161ich finan\u010dn\u00edch i \u010dasov\u00fdch mo\u017enostech, nechte je jet. 2. P\u0159\u00edm\u011bstsk\u00e9 t\u00e1bory Pokud si nejste jist\u00ed, \u017ee by v\u00e1\u0161 potomek zvl\u00e1dl cel\u00e9 t\u0159i t\u00fddny bez v\u00e1s, je tu mo\u017enost p\u0159\u00edm\u011bstsk\u00e9ho t\u00e1bora. Tam d\u00edt\u011b r\u00e1no odvedete, a ve\u010der ho vyzvednete. Jinak p\u0159\u00edm\u011bstsk\u00e9 t\u00e1bory funguj\u00ed jako ty norm\u00e1ln\u00ed: kolektiv, hry, z\u00e1bava, dokonce obvykle maj\u00ed i p\u0159\u00edb\u011bh a spoustu aktivit, kter\u00e9 si d\u00edt\u011b m\u016f\u017ee vyzkou\u0161et. Krom\u011b toho, \u017ee je to pro mnoho \u0161kol\u00e1k\u016f p\u0159ijateln\u011bj\u0161\u00ed, jsou p\u0159\u00edm\u011bstsk\u00e9 t\u00e1bory v\u011bt\u0161inou i finan\u010dn\u011b akceptovateln\u011bj\u0161\u00ed, proto\u017ee nemus\u00edte platit za ubytov\u00e1n\u00ed. P\u0159\u00edm\u011bstsk\u00e9 t\u00e1bory jsou nav\u00edc v nab\u00eddce i pro men\u0161\u00ed d\u011bti, tak\u017ee je to varianta i pro rodiny, kde d\u011bti je\u0161t\u011b nechod\u00ed do \u0161koly. 3. Z\u00e1jezdy pro d\u011bti Zn\u00ed to mo\u017en\u00e1 trochu zvl\u00e1\u0161tn\u011b, ale sv\u00e9 d\u00edt\u011b m\u016f\u017eete poslat k mo\u0159i i samotn\u00e9, pokud to v\u00e1m na dovolenou nevych\u00e1z\u00ed. Specializovan\u00e9 z\u00e1jezdy pro d\u011bti nab\u00edzej\u00ed nejen program, ale i mo\u017enost poznat novou zemi. Je to vlastn\u011b jako by jelo s v\u00e1mi, u\u017eije si koup\u00e1n\u00ed, ale krom\u011b toho uvid\u00ed i pam\u00e1tky. A nebojte, tyto dovolen\u00e9 jsou ud\u011blan\u00e9 tak, aby v\u00e1\u0161 potomek, kter\u00fd norm\u00e1ln\u011b vzdych\u00e1 i p\u0159i n\u00e1v\u0161t\u011bv\u011b muzea, neum\u0159el nudou. Z obl\u00edben\u00fdch destinac\u00ed m\u016f\u017eeme doporu\u010dit t\u0159eba \u0158ecko, It\u00e1lii nebo jih Francie.                                                                                                                                                                                                                                                                                                                                                                                                "},{"@context":"https:\/\/schema.org\/","@type":"BreadcrumbList","itemListElement":[{"@type":"ListItem","position":1,"name":"Kam s nimi","item":"https:\/\/www.majami.cz\/kam-s-nimi\/#breadcrumbitem"}]}]