[{"@context":"https:\/\/schema.org\/","@type":"Article","@id":"https:\/\/www.majami.cz\/kam-se-sbirkou\/#Article","mainEntityOfPage":"https:\/\/www.majami.cz\/kam-se-sbirkou\/","headline":"Kam se sb\u00edrkou","name":"Kam se sb\u00edrkou","description":"V\u017edycky jsem si \u0159\u00edkala, \u017ee kdybych se st\u011bhovala nebo n\u011bco sb\u00edrala, tak bych si musela pronajmout n\u011bjak\u00fd sklad. Proto\u017ee j\u00e1 [&hellip;]","datePublished":"2022-09-20","dateModified":"2023-04-28","author":{"@type":"Person","@id":"https:\/\/www.majami.cz\/author\/devene\/#Person","name":"devene","url":"https:\/\/www.majami.cz\/author\/devene\/","identifier":1,"image":{"@type":"ImageObject","@id":"https:\/\/secure.gravatar.com\/avatar\/56990d361a15c60249588fcd5c65556d1c39f993ac5e20b5abce42fd817b46e8?s=96&d=mm&r=g","url":"https:\/\/secure.gravatar.com\/avatar\/56990d361a15c60249588fcd5c65556d1c39f993ac5e20b5abce42fd817b46e8?s=96&d=mm&r=g","height":96,"width":96}},"publisher":{"@type":"Organization","name":"majami.cz","logo":{"@type":"ImageObject","@id":"\/logo.png","url":"\/logo.png","width":600,"height":60}},"image":{"@type":"ImageObject","@id":"https:\/\/www.majami.cz\/wp-content\/uploads\/warehouse-2696005_960_720_1.jpg","url":"https:\/\/www.majami.cz\/wp-content\/uploads\/warehouse-2696005_960_720_1.jpg","height":0,"width":0},"url":"https:\/\/www.majami.cz\/kam-se-sbirkou\/","about":["Nakupov\u00e1n\u00ed"],"wordCount":440,"articleBody":"   V\u017edycky jsem si \u0159\u00edkala, \u017ee kdybych se st\u011bhovala nebo n\u011bco sb\u00edrala, tak bych si musela pronajmout n\u011bjak\u00fd sklad. Proto\u017ee j\u00e1 jsem takov\u00e1, to \u017ee r\u00e1da sb\u00edr\u00e1m velk\u00e9 v\u011bci. Naposledy jsem sb\u00edrala takov\u00e9 velk\u00e9 d\u0159ev\u011bn\u00e9 truhly. A proto\u017ee bydl\u00edm v byt\u011b t\u0159i plus jedna s p\u0159\u00edtelem a mal\u00fdm d\u00edt\u011btem, tak je opravdu logick\u00e9, \u017ee jsem svou sb\u00edrku nemohla m\u00edt v byt\u011b. Tak jsem si \u0159ekla, \u017ee asi je na \u010dase se bu\u010f m\u00e9 sb\u00edrky d\u0159ev\u011bn\u00fdch truhli\u010dek zbavit anebo si pronajmout i n\u011bjak\u00fd sklad. Jako prvn\u00ed m\u011b napadl pron\u00e1jem skladu v Praze 6. Praze 6 s p\u0159\u00edtelem a d\u00edt\u011btem bydl\u00edme u\u017e n\u011bkolik let, tak\u017ee v\u00edm, \u017ee tam jsou k pron\u00e1jmu n\u011bjak\u00e9 r\u016fzn\u00e9 sklady. Ty sklady jsou opravdu r\u016fzn\u00e9 velikosti.A jsou tam mal\u00e9, st\u0159edn\u00ed a taky velik\u00e9. A proto\u017ee jsem m\u011bla v pl\u00e1nu  http:\/\/www.hulin.cz\/mestsky-urad-mesto\/dulezite-dokumenty\/uzemni-plan\/ nasb\u00edrat hodn\u011b velk\u00fdch d\u0159ev\u011bn\u00fdch truhel, tak jsem si pronajmu sklad v Praze 6 opravdu velk\u00fd. Ale n\u00e1jem tam byl docela vysok\u00fd. A p\u0159\u00edteli se to samoz\u0159ejm\u011b nel\u00edbilo, proto\u017ee cht\u011bl u\u0161et\u0159it n\u011bjak\u00e9 pen\u00edze. P\u0159\u00ed\u0161t\u00ed rok chceme jet na dovolenou, tak\u017ee mi p\u0159\u00edtel \u0159ekl, a\u0165 moc neutr\u00e1c\u00edm za n\u011bjak\u00fd pron\u00e1jem skladu v Praze 6, proto\u017ee jinak nebudeme moct jet na dovolenou. P\u0159izn\u00e1v\u00e1m, \u017ee m\u011b to docela zamrzelo. Nakonec jsem si pronajala pouze mal\u00fd sklad v Praze 6, abychom ud\u011blali s p\u0159\u00edtelem kompromis.U\u0161et\u0159\u00edm v\u00edce ne\u017e sedmdes\u00e1t procent a m\u016f\u017eu tam kone\u010dn\u011b m\u00edt svou sb\u00edrku d\u0159ev\u011bn\u00fdch truhli\u010dek, kter\u00e9 mi p\u0159ipom\u00ednaj\u00ed mou babi\u010dku a d\u011bde\u010dka. A mus\u00edm \u0159\u00edct, \u017ee se jich asi nikdy nevzd\u00e1m, proto\u017ee m\u00e1m na n\u011b takov\u00fd p\u011bkn\u00e9 vzpom\u00ednky, \u017ee by mi to asi chyb\u011blo. A vy m\u00e1te n\u011bjakou sb\u00edrku, jste n\u011bjac\u00ed sb\u011bratel\u00e9? Pokud ano, tak je potom logick\u00e9, \u017ee taky svou sb\u00edrku mus\u00edte n\u011bkde m\u00edt, n\u011bkde to v\u0161echno skladovat. Taky samoz\u0159ejm\u011b z\u00e1le\u017e\u00ed na tom, co a v jak\u00e9m mno\u017estv\u00ed to sb\u00edr\u00e1te. Pokud sb\u00edr\u00e1te Pok\u00e9mony, tak sklad pronajmout nepot\u0159ebujete. Ale pokud je va\u0161e sb\u00edrka objemn\u00e1 jako moje, tak s v\u00e1m bude mo\u017en\u00e1 hodit pron\u00e1jem skladu v Praze 6.                                                                                                                                                                                                                                                                                                                                                                                                  "},{"@context":"https:\/\/schema.org\/","@type":"BreadcrumbList","itemListElement":[{"@type":"ListItem","position":1,"name":"Kam se sb\u00edrkou","item":"https:\/\/www.majami.cz\/kam-se-sbirkou\/#breadcrumbitem"}]}]