[{"@context":"https:\/\/schema.org\/","@type":"Article","@id":"https:\/\/www.majami.cz\/kdy-se-vydat-do-jeseniku\/#Article","mainEntityOfPage":"https:\/\/www.majami.cz\/kdy-se-vydat-do-jeseniku\/","headline":"Kdy se vydat do Jesen\u00edk\u016f","name":"Kdy se vydat do Jesen\u00edk\u016f","description":"\u010cesk\u00e1 republika je zem\u00ed, kter\u00e1 je velmi atraktivn\u00ed z hlediska turistick\u00e9ho ruchu. P\u0159ij\u00ed\u017ed\u00ed sem ka\u017ed\u00fdm rokem statis\u00edce n\u00e1v\u0161t\u011bvn\u00edk\u016f z cel\u00e9ho [&hellip;]","datePublished":"2022-10-14","dateModified":"2023-04-28","author":{"@type":"Person","@id":"https:\/\/www.majami.cz\/author\/devene\/#Person","name":"devene","url":"https:\/\/www.majami.cz\/author\/devene\/","identifier":1,"image":{"@type":"ImageObject","@id":"https:\/\/secure.gravatar.com\/avatar\/56990d361a15c60249588fcd5c65556d1c39f993ac5e20b5abce42fd817b46e8?s=96&d=mm&r=g","url":"https:\/\/secure.gravatar.com\/avatar\/56990d361a15c60249588fcd5c65556d1c39f993ac5e20b5abce42fd817b46e8?s=96&d=mm&r=g","height":96,"width":96}},"publisher":{"@type":"Organization","name":"majami.cz","logo":{"@type":"ImageObject","@id":"\/logo.png","url":"\/logo.png","width":600,"height":60}},"image":{"@type":"ImageObject","@id":"https:\/\/www.majami.cz\/wp-content\/uploads\/trees-g19b373af2_640.jpg","url":"https:\/\/www.majami.cz\/wp-content\/uploads\/trees-g19b373af2_640.jpg","height":0,"width":0},"url":"https:\/\/www.majami.cz\/kdy-se-vydat-do-jeseniku\/","about":["Spole\u010dnosti"],"wordCount":437,"articleBody":"   \u010cesk\u00e1 republika je zem\u00ed, kter\u00e1 je velmi atraktivn\u00ed z hlediska turistick\u00e9ho ruchu. P\u0159ij\u00ed\u017ed\u00ed sem ka\u017ed\u00fdm rokem statis\u00edce n\u00e1v\u0161t\u011bvn\u00edk\u016f z cel\u00e9ho sv\u011bta, aby si prohl\u00e9dli kr\u00e1sy, kter\u00e9 v jejich zemi nespat\u0159\u00ed. M\u00e1me turist\u016fm co nab\u00eddnout po cel\u00fd rok a nen\u00ed pravdou, \u017ee by se tu n\u011bkdo nudil t\u0159eba na podzim, kdy ji\u017e vrchol turistick\u00e9 sez\u00f3ny skon\u010dil p\u0159ed n\u011bkolika t\u00fddny, a plat\u00ed to zejm\u00e9na o horsk\u00fdch oblastech. Tady je kr\u00e1sn\u011b po cel\u00fd rok, a\u0165 u\u017e zjara, kdy kvetou listnat\u00e9 stromy, anebo v zim\u011b, kdy krajinu pokryje sn\u011bhov\u00fd p\u0159\u00edkrov.R\u00e1di bychom v\u00e1s nyn\u00ed pozvali do Jesen\u00edk\u016f. M\u016f\u017eete si tu zajistit ubytov\u00e1n\u00ed v apartm\u00e1nu Jesen\u00edky, nedaleko Mal\u00e9 Mor\u00e1vky a Karlova pod Prad\u011bdem, a lze si tu zvolit libovoln\u00fd term\u00edn a\u0165 u\u017e pro ly\u017eov\u00e1n\u00ed, anebo proch\u00e1zky krajinou \u010di proj\u00ed\u017e\u010fky na kole. Pokud se v\u00e1m tu poda\u0159\u00ed natrefit na slune\u010dn\u00e9 po\u010das\u00ed, budou va\u0161e v\u00fdlety dostate\u010dn\u011b atraktivn\u00ed v ka\u017ed\u00e9 ro\u010dn\u00ed dob\u011b. A jak\u00e1 m\u00edsta bychom v\u00e1m mohli doporu\u010dit?Vodop\u00e1dy B\u00edl\u00e9 Opavy \u2013 velmi zaj\u00edmav\u00e1 stezka pod\u00e9l B\u00edl\u00e9 Opavy sm\u011b\u0159uje z Karlovy Stud\u00e1nky vzh\u016fru do kopc\u016f, odkud \u0159\u00ed\u010dka pramen\u00ed. Cestou budete m\u00edjet kask\u00e1du vodop\u00e1d\u016f v ka\u0148onu, hluboce za\u0159\u00edznut\u00e9m do \u00fadol\u00ed, a z\u00e1v\u011br stezky v\u00e1s zavede k hotelu Figura a p\u0159\u00edpadn\u011b a\u017e na vrchol nejvy\u0161\u0161\u00ed hory Moravy \u2013 Prad\u011bd.Prad\u011bd \u2013 jestli\u017ee se odhodl\u00e1te vystoupat a\u017e k rozhledn\u011b s restaurac\u00ed, nebudete litovat. Za p\u0159\u00edzniv\u00e9ho po\u010das\u00ed je odtud fantastick\u00fd v\u00fdhled a nav\u00edc je v\u00fdstup k Prad\u011bdu pom\u011brn\u011b nen\u00e1ro\u010dn\u00fd, proto\u017ee nejde o prudk\u00e9 stoup\u00e1n\u00ed, ale del\u0161\u00ed pozvolnou trasu po asfaltov\u00e9 silnici.Karlova Stud\u00e1nka \u2013 nem\u011bli byste minout bez pov\u0161imnut\u00ed malou obec s l\u00e1ze\u0148skou tradic\u00ed, kde se l\u00e9\u010dil i prezident V\u00e1clav Havel v lednu roku 2000. \u00dadajn\u011b jde o jedno z m\u00edst s nej\u010dist\u0161\u00edm ovzdu\u0161\u00edm ve st\u0159edn\u00ed Evrop\u011b, a tak se o tom m\u016f\u017eete p\u0159esv\u011bd\u010dit sami. A a\u017e budete m\u00edjet l\u00e1ze\u0148sk\u00fd Slezsk\u00fd d\u016fm, vzpome\u0148te si na komedii stolet\u00ed \u201eS tebou m\u011b bav\u00ed sv\u011bt\u201c z roku 1982, proto\u017ee se pr\u00e1v\u011b zde nat\u00e1\u010dely z\u00e1b\u011bry Pavla Nov\u00e9ho se Zdenou Stud\u00e9nkovou, kte\u0159\u00ed se ve filmu m\u011bli setkat v horsk\u00e9m hotelu.                                                                                                                                                                                                                                                                                                                                                                                                  "},{"@context":"https:\/\/schema.org\/","@type":"BreadcrumbList","itemListElement":[{"@type":"ListItem","position":1,"name":"Kdy se vydat do Jesen\u00edk\u016f","item":"https:\/\/www.majami.cz\/kdy-se-vydat-do-jeseniku\/#breadcrumbitem"}]}]