[{"@context":"https:\/\/schema.org\/","@type":"Article","@id":"https:\/\/www.majami.cz\/leto-v-chorvatsku\/#Article","mainEntityOfPage":"https:\/\/www.majami.cz\/leto-v-chorvatsku\/","headline":"L\u00e9to v Chorvatsku","name":"L\u00e9to v Chorvatsku","description":"V\u017edycky jsem m\u011bla opravdu hodn\u011b moc r\u00e1da cestov\u00e1n\u00ed a v\u0161echno kolem n\u011bj. Proto nebylo divu, kdy\u017e jsem jednou rodi\u010d\u016fm \u0159ekla, [&hellip;]","datePublished":"2022-11-13","dateModified":"2023-04-28","author":{"@type":"Person","@id":"https:\/\/www.majami.cz\/author\/devene\/#Person","name":"devene","url":"https:\/\/www.majami.cz\/author\/devene\/","identifier":1,"image":{"@type":"ImageObject","@id":"https:\/\/secure.gravatar.com\/avatar\/56990d361a15c60249588fcd5c65556d1c39f993ac5e20b5abce42fd817b46e8?s=96&d=mm&r=g","url":"https:\/\/secure.gravatar.com\/avatar\/56990d361a15c60249588fcd5c65556d1c39f993ac5e20b5abce42fd817b46e8?s=96&d=mm&r=g","height":96,"width":96}},"publisher":{"@type":"Organization","name":"majami.cz","logo":{"@type":"ImageObject","@id":"\/logo.png","url":"\/logo.png","width":600,"height":60}},"image":{"@type":"ImageObject","@id":"https:\/\/www.majami.cz\/wp-content\/uploads\/croatia-3011350_960_720.jpg","url":"https:\/\/www.majami.cz\/wp-content\/uploads\/croatia-3011350_960_720.jpg","height":0,"width":0},"url":"https:\/\/www.majami.cz\/leto-v-chorvatsku\/","about":["Spole\u010dnosti"],"wordCount":389,"articleBody":"        V\u017edycky jsem m\u011bla opravdu hodn\u011b moc r\u00e1da cestov\u00e1n\u00ed a v\u0161echno kolem n\u011bj. Proto nebylo divu, kdy\u017e jsem jednou rodi\u010d\u016fm \u0159ekla, \u017ee bych jednoho dne cht\u011bla bydlet n\u011bkde v cizin\u011b, hlavn\u011b tam, kde je teplo a kde je kr\u00e1sn\u00e1 pl\u00e1\u017e. Pr\u00e1v\u011b m\u011b napadlo jako prvn\u00ed \u0160pan\u011blsko, kde jsem byla u\u017e \u010dty\u0159ikr\u00e1t na dovolen\u00e9 s rodi\u010di. Moji rodi\u010de opravdu maj\u00ed taky moc r\u00e1di \u0160pan\u011blsko, proto\u017ee jsme kolikr\u00e1t uva\u017eovali, jestli se tam nekoup\u00edme n\u011bjak\u00fd malinkat\u00e9 byte\u010dek nebo garsonku, kam bychom ka\u017ed\u00fd rok v\u017edycky n\u011bkdy zajeli. My s rodinou opravdu moc r\u00e1di cestujeme, tak\u017ee pro n\u00e1s by to bylo asi opravdu hodn\u011b ide\u00e1ln\u00ed. Jenom\u017ee kdy\u017e jsme po\u0159\u00e1d hledali n\u011bjak\u00fd byt k n\u00e1kupu anebo u dlouhodob\u00e9ho pron\u00e1jmu n\u011bkde v cizin\u011b, tak jsme objevili webovou str\u00e1nku najadranu k.cz, kde se specializuj\u00ed na prodej realit v Chorvatsku. V\u016fbec nikdy by m\u011b nenapadlo, \u017ee budu n\u011bkdy uva\u017eovat o \u017eit\u00ed v Chorvatsku. Chorvatsk\u00e9 reality na prodej se velice vyplat\u00ed, proto\u017ee to nemus\u00edte jenom ob\u00fdvat nonstop, ale taky to m\u016f\u017eete m\u00edt na pron\u00e1jem nebo taky jako investici.Proto\u017ee zn\u00e1m opravdu mnoho lid\u00ed, kte\u0159\u00ed si v cizin\u011b koup\u00ed n\u011bjak\u00fd d\u016fm anebo byt a maj\u00ed t\u0159eba i apartm\u00e1n, kter\u00e9 vyu\u017e\u00edvaj\u00ed opravdu jenom minim\u00e1ln\u011b pro svou relaxaci. A d\u00e1le, kdy\u017e pr\u00e1v\u011b v tom byt\u011b \u010di dom\u011b nebydl\u00ed, tak ho pronaj\u00edmaj\u00ed d\u00e1l, tak\u017ee takhle to maj\u00ed jako investici a vrac\u00ed se jim pen\u00edze potom za cel\u00fd byt anebo d\u016fm. Mysl\u00edm si, \u017ee pr\u00e1v\u011b chorvatsk\u00e9 reality na prodej se v tomhle ohledu vyplat\u00ed, proto\u017ee \u010dlov\u011bk si takhle vyd\u011bl\u00e1v\u00e1 r\u016fzn\u00e9 pen\u00edze zp\u00e1tky, ani\u017e by se n\u011bjak v\u00edce sna\u017eil. Tak\u017ee komu by se tohle nel\u00edbilo? Jsou r\u016fzn\u00e9 chorvatsk\u00e9 reality na prodej, kter\u00e9 v\u00e1m zajist\u00ed kr\u00e1sn\u00fd prodej anebo n\u00e1kup bytu \u010di dom\u016f v Chorvatsku, sta\u010d\u00ed si jenom vybrat tu spr\u00e1vnou a kvalitn\u00ed realitku. Je opravdu mnoho realitn\u00edch kancel\u00e1\u0159\u00ed, kter\u00e9 nab\u00edzej\u00ed svoje slu\u017eby, ale taky z\u00e1le\u017e\u00ed na va\u0161ich preferenc\u00edch.                                                                                                                                                                                                                                                                                                                                                                                                  "},{"@context":"https:\/\/schema.org\/","@type":"BreadcrumbList","itemListElement":[{"@type":"ListItem","position":1,"name":"L\u00e9to v Chorvatsku","item":"https:\/\/www.majami.cz\/leto-v-chorvatsku\/#breadcrumbitem"}]}]