[{"@context":"https:\/\/schema.org\/","@type":"Article","@id":"https:\/\/www.majami.cz\/na-co-se-pro-svatebni-den-casto-zapomina\/#Article","mainEntityOfPage":"https:\/\/www.majami.cz\/na-co-se-pro-svatebni-den-casto-zapomina\/","headline":"Na co se pro svatebn\u00ed den \u010dasto zapom\u00edn\u00e1","name":"Na co se pro svatebn\u00ed den \u010dasto zapom\u00edn\u00e1","description":"Svatebn\u00ed \u0161aty Na po\u0159\u00edzen\u00ed krajkov\u00fdch svatebn\u00edch \u0161at\u016f si vyhra\u010fte dostatek \u010dasu a za\u010dn\u011bte s jejich v\u00fdb\u011brem alespo\u0148 m\u011bs\u00edc p\u0159edem. Je [&hellip;]","datePublished":"2022-10-29","dateModified":"2023-04-28","author":{"@type":"Person","@id":"https:\/\/www.majami.cz\/author\/devene\/#Person","name":"devene","url":"https:\/\/www.majami.cz\/author\/devene\/","identifier":1,"image":{"@type":"ImageObject","@id":"https:\/\/secure.gravatar.com\/avatar\/56990d361a15c60249588fcd5c65556d1c39f993ac5e20b5abce42fd817b46e8?s=96&d=mm&r=g","url":"https:\/\/secure.gravatar.com\/avatar\/56990d361a15c60249588fcd5c65556d1c39f993ac5e20b5abce42fd817b46e8?s=96&d=mm&r=g","height":96,"width":96}},"publisher":{"@type":"Organization","name":"majami.cz","logo":{"@type":"ImageObject","@id":"\/logo.png","url":"\/logo.png","width":600,"height":60}},"image":{"@type":"ImageObject","@id":"https:\/\/www.majami.cz\/wp-content\/uploads\/wedding-gb70505494_640.jpg","url":"https:\/\/www.majami.cz\/wp-content\/uploads\/wedding-gb70505494_640.jpg","height":0,"width":0},"url":"https:\/\/www.majami.cz\/na-co-se-pro-svatebni-den-casto-zapomina\/","about":["Nakupov\u00e1n\u00ed"],"wordCount":427,"articleBody":"   Svatebn\u00ed \u0161atyNa po\u0159\u00edzen\u00ed krajkov\u00fdch svatebn\u00edch \u0161at\u016f si vyhra\u010fte dostatek \u010dasu a za\u010dn\u011bte s jejich v\u00fdb\u011brem alespo\u0148 m\u011bs\u00edc p\u0159edem. Je to ta nejd\u016fle\u017eit\u011bj\u0161\u00ed \u010d\u00e1st garderoby a ta se v\u00e1m mus\u00ed nejen l\u00edbit, ale mus\u00edte se v n\u00ed c\u00edtit p\u0159\u00edmo noblesn\u011b. Pamatujte na to, \u017ee svatebn\u00ed den je ten nejkr\u00e1sn\u011bj\u0161\u00ed v \u017eivot\u011b, a pokud jste si jist\u00e1, \u017ee v\u00e1\u0161 partner je ten prav\u00fd, na cel\u00fd \u017eivot, neodb\u00fdvejte svatbu jen stroh\u00fdmi fr\u00e1zemi, pr\u00e1zdn\u00fdmi gesty a nudn\u00fdmi procedurami. Bu\u010fte \u0161\u0165astn\u00e1 a \u017eijte tady a te\u010f!Svatebn\u00ed obuvStejnou pozornost, jako svatebn\u00edm \u0161at\u016fm, v\u011bnujte i obuvi. \u017de by m\u011bla b\u00fdt vzhledov\u011b atraktivn\u00ed a z\u00e1rove\u0148 pohodln\u00e1 a padnout v\u00e1m, co se t\u00fd\u010de velikosti, je samoz\u0159ejm\u00e9, ov\u0161em samoz\u0159ejmost\u00ed ji\u017e nen\u00ed fakt, \u017ee tomu tak v praxi skute\u010dn\u011b b\u00fdv\u00e1. St\u00e1v\u00e1 se, \u017ee si \u017eeny po\u0159\u00edd\u00ed svatebn\u00ed obuv, kterou na sv\u00e1 chodidla navl\u00e9knou a\u017e ve svatebn\u00ed den, a ji\u017e po n\u011bkolika hodin\u00e1ch za\u010dnou vn\u00edmat nep\u0159\u00edjemn\u00e9 tlaky, kter\u00e9 vy\u00fast\u00ed v rozvoj puch\u00fd\u0159\u016f. Sna\u017ete se t\u011bmto zbyte\u010dn\u00fdm nep\u0159\u00edjemnostem zabr\u00e1nit v\u010dasn\u00fdm pro\u0161lap\u00e1v\u00e1n\u00edm bot, v dostate\u010dn\u00e9m p\u0159edstihu je\u0161t\u011b p\u0159ed svatbou. Vd\u00e1vat se v pro\u0161l\u00e1pnut\u00fdch bot\u00e1ch je n\u011bco \u00fapln\u011b jin\u00e9ho a v tento den je p\u0159ece jen lep\u0161\u00ed vn\u00edmat atmosf\u00e9ru slavnostn\u00ed ud\u00e1losti, ne\u017e bolest na chodidlech, kter\u00e1 budete potaj\u00ed z bot p\u0159i vhodn\u00fdch p\u0159\u00edle\u017eitostech vyzouvat. Seznam host\u016fSe seznamem host\u016f na va\u0161i svatbu rovn\u011b\u017e za\u010d\u00ednejte v p\u0159edstihu a p\u0159edev\u0161\u00edm se ujist\u011bte v tom, kdo v\u00e1m svou \u00fa\u010dast potvrd\u00ed, abyste podle toho objedn\u00e1vali po\u010det porc\u00ed j\u00eddeln\u00edho menu. M\u016f\u017eete se tak\u00e9 rozhodnout, \u017ee svatebn\u00ed hostinu uspo\u0159\u00e1d\u00e1te pouze v rodinn\u00e9m kruhu nejbli\u017e\u0161\u00edch p\u0159\u00edbuzn\u00fdch, a sv\u00e9 p\u0159\u00e1tele pak pozvete k v\u00e1m dom\u016f, p\u0159\u00edpadn\u011b na zahradu, nebo do pronajat\u00e9ho penzionu se zahradou, pokud v\u00e1m to umo\u017en\u00ed po\u010das\u00ed a ro\u010dn\u00ed doba.Svatebn\u00ed cestaBez svatebn\u00ed cesty to nebude ono, ov\u0161em nemus\u00ed to b\u00fdt zrovna pobyt v p\u0159\u00edmo\u0159sk\u00e9m letovisku. Mo\u017en\u00e1, \u017ee v\u00e1s v\u00edce oslov\u00ed pobyt tuzemsk\u00fd, nap\u0159\u00edklad na hor\u00e1ch, kde je v\u00edce klidu, soukrom\u00ed a pot\u0159ebn\u00e9 pohody.                                                                                                                                                                                                                                                                                                                                                                                                  "},{"@context":"https:\/\/schema.org\/","@type":"BreadcrumbList","itemListElement":[{"@type":"ListItem","position":1,"name":"Na co se pro svatebn\u00ed den \u010dasto zapom\u00edn\u00e1","item":"https:\/\/www.majami.cz\/na-co-se-pro-svatebni-den-casto-zapomina\/#breadcrumbitem"}]}]