[{"@context":"https:\/\/schema.org\/","@type":"Article","@id":"https:\/\/www.majami.cz\/oslava-muze-zacit\/#Article","mainEntityOfPage":"https:\/\/www.majami.cz\/oslava-muze-zacit\/","headline":"Oslava m\u016f\u017ee za\u010d\u00edt","name":"Oslava m\u016f\u017ee za\u010d\u00edt","description":"P\u0159ijedete z porodnice, ani se nenad\u011bjete a najednou va\u0161emu mal\u00e9mu miminku bude za chv\u00edli \u0161est let, pak sedm, osm a [&hellip;]","datePublished":"2022-09-10","dateModified":"2023-04-28","author":{"@type":"Person","@id":"https:\/\/www.majami.cz\/author\/devene\/#Person","name":"devene","url":"https:\/\/www.majami.cz\/author\/devene\/","identifier":1,"image":{"@type":"ImageObject","@id":"https:\/\/secure.gravatar.com\/avatar\/56990d361a15c60249588fcd5c65556d1c39f993ac5e20b5abce42fd817b46e8?s=96&d=mm&r=g","url":"https:\/\/secure.gravatar.com\/avatar\/56990d361a15c60249588fcd5c65556d1c39f993ac5e20b5abce42fd817b46e8?s=96&d=mm&r=g","height":96,"width":96}},"publisher":{"@type":"Organization","name":"majami.cz","logo":{"@type":"ImageObject","@id":"\/logo.png","url":"\/logo.png","width":600,"height":60}},"image":{"@type":"ImageObject","@id":"https:\/\/www.majami.cz\/wp-content\/uploads\/kouzla_1.jpg","url":"https:\/\/www.majami.cz\/wp-content\/uploads\/kouzla_1.jpg","height":0,"width":0},"url":"https:\/\/www.majami.cz\/oslava-muze-zacit\/","about":["Spole\u010dnosti"],"wordCount":433,"articleBody":"          P\u0159ijedete z porodnice, ani se nenad\u011bjete a najednou va\u0161emu mal\u00e9mu miminku bude za chv\u00edli \u0161est let, pak sedm, osm a najednou budete vyb\u00edrat st\u0159edn\u00ed \u0161kolu. M\u00e1te te\u010f ale jin\u00e9 starosti, proto\u017ee ho nap\u0159\u00edklad \u010dekaj\u00ed \u0161est\u00e9 narozeniny? A cht\u011bl nebo cht\u011bla by je oslavit u\u017e jako velk\u00fd chlapec nebo velk\u00e1 d\u00edvka se sv\u00fdmi nejbli\u017e\u0161\u00edmi a kamar\u00e1dy? Tak to p\u0159ed v\u00e1mi stoj\u00ed d\u016fle\u017eit\u00e1 ot\u00e1zka, jak\u00fd d\u011btem ud\u011blat kvalitn\u00ed program, aby to nebylo jenom o d\u00e1rc\u00edch a o dortu. D\u011bt\u00ed cht\u011bj\u00ed akci a cht\u011bj\u00ed z\u00e1\u017eitky! Dop\u0159ejte jim je.D\u011bti si nejv\u00edce p\u0159ej\u00ed, aby si mohli hr\u00e1t se sv\u00fdmi kamar\u00e1dy a aby je v kolektivu m\u011bli r\u00e1di, pokud jsou tedy spole\u010den\u0161t\u00ed. A \u017ee t\u011bch kamar\u00e1d\u016f tedy maj\u00ed a cht\u011bj\u00ed jim uspo\u0159\u00e1dat oslavu, kde by mohly n\u011b\u010d\u00edm dobr\u00fdm oslavit to, \u017ee jednomu z nich bude u\u017e cel\u00fdch \u0161est let a za chv\u00edli p\u016fjde do \u0161koly! A co takhle tu oslavu n\u011b\u010d\u00edm skv\u011bl\u00fdm ozvl\u00e1\u0161tnit, co by dostalo gr\u00e1dy? Kdy\u017e vid\u00edme v americk\u00fdch filmech, jak dok\u00e1\u017e\u00ed b\u00fdt velkolep\u00e9 d\u011btsk\u00e9 oslavy, pro\u010d by to jenom ne\u0161lo ud\u011blat u n\u00e1s? Zajistit program, to je ten k\u00e1men \u00farazu, proto\u017ee o dort a ob\u010derstven\u00ed se mohou postarat rodi\u010de nebo babi\u010dky, kter\u00e9 nape\u010dou. Vykouzlete va\u0161emu d\u00edt\u011bti \u00fasm\u011bv na tv\u00e1\u0159i t\u00edm, \u017ee p\u0159ijede z\u00e1bava na oslavu narozenin spolu s kouzeln\u00edkem a jeho velk\u00fdmi \u010d\u00edsly, do kter\u00fdch zapoj\u00ed pr\u00e1v\u011b i d\u011bti, kter\u00e9 se nau\u010d\u00ed nov\u00e1 kouzla, a to teprve uvid\u00edte t\u011bch rozz\u00e1\u0159en\u00fdch o\u010di\u010dek. A pak se o tom mezi d\u011btmi bude dlouhou dobu mluvit a budou se p\u011bt \u00f3dy na to, jak\u00e1 u v\u00e1s byla par\u00e1dn\u00ed oslava. Tohoto kouzeln\u00edka m\u016f\u017eete objednat t\u0159eba i na firemn\u00ed ve\u010d\u00edrek nebo i na va\u0161\u00ed dosp\u011bl\u00e1ckou oslavu kulat\u00fdch narozenin, v\u017edy\u0165 to nen\u00ed nic proti ni\u010demu, kouzla mohou b\u00fdt slo\u017eit\u011bj\u0161\u00ed, a i dosp\u011bl\u00ed se mohou kr\u00e1sn\u011b bavit. Kouzeln\u00edk bude chodit mezi \u00fa\u010dastn\u00edky a v\u0161echno to bude z\u00e1viset na n\u011bjak\u00e9 interakci a spolupr\u00e1ci s publikem. A to bude teprve takov\u00e1 j\u00edzda! Nebo si ho objednejte dop\u0159edu na v\u00e1no\u010dn\u00ed ve\u010d\u00edrek.                                                                                                                                                                                                                                                                                                                                                                                                   "},{"@context":"https:\/\/schema.org\/","@type":"BreadcrumbList","itemListElement":[{"@type":"ListItem","position":1,"name":"Oslava m\u016f\u017ee za\u010d\u00edt","item":"https:\/\/www.majami.cz\/oslava-muze-zacit\/#breadcrumbitem"}]}]