[{"@context":"https:\/\/schema.org\/","@type":"Article","@id":"https:\/\/www.majami.cz\/poklady-ktere-nabizi-mesto-ceske-budejovice\/#Article","mainEntityOfPage":"https:\/\/www.majami.cz\/poklady-ktere-nabizi-mesto-ceske-budejovice\/","headline":"Poklady, kter\u00e9 nab\u00edz\u00ed m\u011bsto \u010cesk\u00e9 Bud\u011bjovice","name":"Poklady, kter\u00e9 nab\u00edz\u00ed m\u011bsto \u010cesk\u00e9 Bud\u011bjovice","description":"Cel\u00e9 centrum tohoto jedine\u010dn\u00e9ho m\u011bsta je tvo\u0159eno historick\u00fdmi budovami, kter\u00e9 vytv\u00e1\u0159\u00ed pam\u00e1tkovou z\u00f3nu s udr\u017eovan\u00fdmi domy v barokn\u00edm, gotick\u00e9m a [&hellip;]","datePublished":"2021-01-16","dateModified":"2021-01-16","author":{"@type":"Person","@id":"https:\/\/www.majami.cz\/author\/devene\/#Person","name":"devene","url":"https:\/\/www.majami.cz\/author\/devene\/","identifier":1,"image":{"@type":"ImageObject","@id":"https:\/\/secure.gravatar.com\/avatar\/56990d361a15c60249588fcd5c65556d1c39f993ac5e20b5abce42fd817b46e8?s=96&d=mm&r=g","url":"https:\/\/secure.gravatar.com\/avatar\/56990d361a15c60249588fcd5c65556d1c39f993ac5e20b5abce42fd817b46e8?s=96&d=mm&r=g","height":96,"width":96}},"publisher":{"@type":"Organization","name":"majami.cz","logo":{"@type":"ImageObject","@id":"\/logo.png","url":"\/logo.png","width":600,"height":60}},"image":{"@type":"ImageObject","@id":"https:\/\/www.majami.cz\/wp-content\/uploads\/%C4%8Db.jpg","url":"https:\/\/www.majami.cz\/wp-content\/uploads\/%C4%8Db.jpg","height":0,"width":0},"url":"https:\/\/www.majami.cz\/poklady-ktere-nabizi-mesto-ceske-budejovice\/","about":["Spole\u010dnosti"],"wordCount":456,"articleBody":"      Cel\u00e9 centrum tohoto jedine\u010dn\u00e9ho m\u011bsta je tvo\u0159eno historick\u00fdmi budovami, kter\u00e9 vytv\u00e1\u0159\u00ed pam\u00e1tkovou z\u00f3nu s udr\u017eovan\u00fdmi domy v barokn\u00edm, gotick\u00e9m a renesan\u010dn\u00edm stylu. M\u011bsto m\u00e1 tak\u00e9 celou \u0159adu c\u00edrkevn\u00edch staveb.N\u00e1m\u011bst\u00ed P\u0159emysla Otakara II. je jedn\u00edm z nejv\u011bt\u0161\u00edch n\u00e1m\u011bst\u00ed v Evrop\u011b a m\u00e1 velice p\u0159esn\u00fd tvar \u010dtverce 133&#215;133 metr\u016f. V historii toto n\u00e1m\u011bst\u00ed tvo\u0159ilo tempu m\u011bsta. Konaly se zde kulturn\u00ed akce, trhy, a dokonce i popravy.Dolo\u017eenou historii m\u00e1 m\u00edstn\u00ed radnice, kter\u00e1 byla postaven\u00e1 v letech 1727-1730. Budova je v barokn\u00edm stylu a pod jej\u00edm vzhledem je podepsan\u00fd uzn\u00e1van\u00fd stavitel Antonio Erhard Martinelli. V jedn\u00e9 z radni\u010dn\u00edch v\u011b\u017e\u00ed je um\u00edst\u011bn\u00e1 lucerna se 18 zvonky, kter\u00e9 se ka\u017edou celou hodinu rozezn\u00ed.Jak v samotn\u00e9m centru m\u011bsta, tak i v okrajov\u00fdch \u010dtvrt\u00edch je dostatek mo\u017enost\u00ed, kde se naj\u00edst a ubytovat. Hotely a penziony \u010desk\u00e9 bud\u011bjovice https:\/\/www.penzionurudolfa.cz\/ jsou zvykl\u00e9 zvl\u00e1dat velice po\u010detn\u00e9 davy n\u00e1v\u0161t\u011bvn\u00edk\u016f, proto\u017ee m\u011bsto je po\u0159adatelem mnoha velk\u00fdch akc\u00ed. Ka\u017edoro\u010dn\u011b se zde kon\u00e1 nap\u0159\u00edklad mezin\u00e1rodn\u00ed v\u00fdstava ps\u016f, kter\u00e1 m\u00e1 v\u00fdbornou pov\u011bst. Jsou zde i r\u016fzn\u00e9 zem\u011bd\u011blsk\u00e9 veletrhy, kutilsk\u00e9 a zahr\u00e1dk\u00e1\u0159sk\u00e9 prodejn\u00ed veletrhy.Za zm\u00ednku stoj\u00ed i n\u011bkter\u00e9 zaj\u00edmavosti m\u011bsta:\u2022 Najdete zde nap\u0159\u00edklad Samsonovu ka\u0161nu, co\u017e je kamenn\u00e1 vodn\u00ed n\u00e1dr\u017e, kter\u00e1 pojme p\u0159es 200 m3 vody a byla sou\u010d\u00e1st\u00ed m\u011bstsk\u00e9ho vodovodu z prvn\u00ed poloviny 18. stolet\u00ed. Je to na\u0161e nejv\u011bt\u0161\u00ed ka\u0161na a n\u00e1zev nese podle biblick\u00e9 postavy Samsona, kter\u00fd je na n\u00ed vyobrazen\u00fd v souboji se lvem.\u2022 \u010cesk\u00e9 Bud\u011bjovice maj\u00ed i sv\u016fj bludn\u00fd k\u00e1men. Je v bl\u00edzkosti ka\u0161ny a na jeho povrchu je vytesan\u00fd k\u0159\u00ed\u017e. \u00dadajn\u011b je to i m\u00edsto, kde st\u00e1vala \u0161ibenice k poprav\u00e1m.\u2022 Pokud se zaj\u00edm\u00e1te o zvony, tak m\u016f\u017eete obdivovat zvon BUMERIN, kter\u00fd se nach\u00e1z\u00ed v \u010cern\u00e9 v\u011b\u017ei. V\u00e1\u017e\u00ed 3429 kg a jeho pr\u016fm\u011br je 181 cm. Dopl\u0148uje tak stavbu z let 1549 a\u017e 1577. \u010cern\u00e1 v\u011b\u017e m\u011b\u0159\u00ed 72 metr\u016f a na jej\u00ed vrchol vede 225 schod\u016f.\u2022 \u010cesk\u00e9 Bud\u011bjovice maj\u00ed tak\u00e9 nejstar\u0161\u00ed \u017eeleznici v Evrop\u011b. \u0158\u00edkalo se j\u00ed KON\u011aSP\u0158E\u017dKA a vyjela v roce 1928 na trase \u010c.B. \u2013 Linec.\u2022 S m\u011bstem je spojen\u00fd Jaroslav Ha\u0161ek, kter\u00fd zde pob\u00fdval v dob\u011b vojensk\u00e9 slu\u017eby a m\u011bsto zm\u00ednil i ve sv\u00e9m nejslavn\u011bj\u0161\u00edm rom\u00e1nu o \u0160vejkovi. Vojnu si zde odslou\u017eil i Fr\u00e1\u0148a \u0160r\u00e1mek.                                                                                                                                                                                                                                                                                                                                                                                                  "},{"@context":"https:\/\/schema.org\/","@type":"BreadcrumbList","itemListElement":[{"@type":"ListItem","position":1,"name":"Poklady, kter\u00e9 nab\u00edz\u00ed m\u011bsto \u010cesk\u00e9 Bud\u011bjovice","item":"https:\/\/www.majami.cz\/poklady-ktere-nabizi-mesto-ceske-budejovice\/#breadcrumbitem"}]}]