[{"@context":"https:\/\/schema.org\/","@type":"Article","@id":"https:\/\/www.majami.cz\/velka-rodina\/#Article","mainEntityOfPage":"https:\/\/www.majami.cz\/velka-rodina\/","headline":"Velk\u00e1 rodina","name":"Velk\u00e1 rodina","description":"V\u017edycky jsem m\u011bla za to, \u017ee kdo m\u00e1 r\u00e1d d\u011bti, tak je to samoz\u0159ejm\u011b dobr\u00fd \u010dlov\u011bk. A v tomhle mi [&hellip;]","datePublished":"2022-05-31","dateModified":"2023-04-28","author":{"@type":"Person","@id":"https:\/\/www.majami.cz\/author\/devene\/#Person","name":"devene","url":"https:\/\/www.majami.cz\/author\/devene\/","identifier":1,"image":{"@type":"ImageObject","@id":"https:\/\/secure.gravatar.com\/avatar\/56990d361a15c60249588fcd5c65556d1c39f993ac5e20b5abce42fd817b46e8?s=96&d=mm&r=g","url":"https:\/\/secure.gravatar.com\/avatar\/56990d361a15c60249588fcd5c65556d1c39f993ac5e20b5abce42fd817b46e8?s=96&d=mm&r=g","height":96,"width":96}},"publisher":{"@type":"Organization","name":"majami.cz","logo":{"@type":"ImageObject","@id":"\/logo.png","url":"\/logo.png","width":600,"height":60}},"image":{"@type":"ImageObject","@id":"https:\/\/www.majami.cz\/wp-content\/uploads\/babies-772439_960_720.jpg","url":"https:\/\/www.majami.cz\/wp-content\/uploads\/babies-772439_960_720.jpg","height":0,"width":0},"url":"https:\/\/www.majami.cz\/velka-rodina\/","about":["D\u011bti"],"wordCount":451,"articleBody":"V\u017edycky jsem m\u011bla za to, \u017ee kdo m\u00e1 r\u00e1d d\u011bti, tak je to samoz\u0159ejm\u011b dobr\u00fd \u010dlov\u011bk. A v tomhle mi d\u00e1 asi jist\u011b ka\u017ed\u00fd za pravdu. A j\u00e1\u00a0jsem v\u017edycky tou\u017eila po rodin\u011b, kde bude hlavn\u011b d\u011btsk\u00fd sm\u00edch a d\u011btsk\u00e1 radost. \u0158ekla jsem si, \u017ee si mus\u00edm naj\u00edt samoz\u0159ejm\u011b n\u011bjak\u00e9ho partnera, kter\u00fd taky bude cht\u00edt velkou rodinu. Proto\u017ee se v\u011bt\u0161inou setk\u00e1v\u00e1m s mu\u017ei, kte\u0159\u00ed cht\u011bj\u00ed maxim\u00e1ln\u011b jedno nebo dv\u011b d\u011bti. Tohle u m\u011b ale bohu\u017eel nep\u0159ipad\u00e1 v \u00favahu. J\u00e1 bych si p\u0159\u00e1la d\u011bti \u010dty\u0159i anebo klidn\u011b i p\u011bt. M\u00fdm osudem a\u00a0posl\u00e1n\u00edm\u00a0je m\u00edt asi hodn\u011b d\u011bt\u00ed, a to taky chci. Nev\u00edm pro\u010d, ale kdy\u017e to tak vezmu zp\u011btn\u011b, tak historii na\u0161ich \u017een, m\u011bly opravdu v\u017edycky hodn\u011b d\u011bt\u00ed.A nebylo to t\u00edm, \u017ee to byly t\u0159eba n\u00e1hodou d\u011bti zplozen\u00e9 omyle, \u017ee nebyla antikoncepce. To v\u016fbec ne. Proto\u017ee ka\u017ed\u00e1 \u017eena z na\u0161\u00ed rodiny cht\u011bla m\u00edt opravdu hodn\u011b d\u011bt\u00ed a j\u00e1 si nedok\u00e1\u017eu p\u0159edstavit, \u017ee bych m\u011bla pouze jenom jedno anebo dv\u011b d\u011bti. A kdybych u\u017e m\u011bla m\u00edt m\u00e1lo d\u011bt\u00ed, tak minim\u00e1ln\u011b t\u0159i d\u011bti. A ov\u0161em, ale kdy\u017e jsem si na\u0161la prvn\u00edho p\u0159\u00edtele, tak ten mi dokonce \u0159ekl, \u017ee \u017e\u00e1dn\u00e9 d\u011bti nechce.A v p\u0159\u00edpad\u011b nouze pr\u00fd maxim\u00e1ln\u011b jedno d\u00edt\u011b, a to je\u0161t\u011b v t\u00e9 dob\u011b, kdy\u017e mu bude alespo\u0148 p\u0159es pades\u00e1t let. \u017de si chce u\u017e\u00edt ml\u00e1d\u00ed. Tak toto samoz\u0159ejm\u011b nep\u0159ipadalo v \u00favahu, odkopla jsem ho a necht\u011bla jsem u\u017e \u017e\u00e1dn\u00e9ho mu\u017ee dlouho vid\u011bt. A po t\u0159ech letech jsem si na\u0161la druh\u00e9ho partnera, kter\u00fd cht\u011bl pouze jenom jedno d\u00edt\u011b. Tohle taky nep\u0159ipadalo v \u00favahu. Nyn\u00ed jsem rok a p\u016fl sama a douf\u00e1m, \u017ee najdu n\u011bjak\u00e9ho mu\u017ee, kter\u00fd bude skv\u011bl\u00fdm otcem a bude cht\u00edt alespo\u0148 \u010dty\u0159i d\u011bti. Mysl\u00edm si, \u017ee nic nen\u00ed ztraceno a \u017ee m\u00e1m st\u00e1le stejnou \u0161anci naj\u00edt l\u00e1sku, jakou si zaslou\u017e\u00edm a jakou si zaslou\u017e\u00ed opravdu ka\u017ed\u00fd \u010dlov\u011bk na sv\u011bt\u011b. A jak jste na tom byli vy s\u00a0rodinou? Taky jste tou\u017eili po velk\u00e9 rodin\u011b nebo jste naopak cht\u011bli jedno d\u00edt\u011b? J\u00e1\u00a0osobn\u011b\u00a0ct\u00edm v\u0161echna\u00a0rozhodnut\u00ed,\u00a0proto\u017ee\u00a0ka\u017ed\u00fd v\u00ed, kolik d\u011bti zvl\u00e1dne.                                                                                                                                                                                                                                                                                                                                                                                                "},{"@context":"https:\/\/schema.org\/","@type":"BreadcrumbList","itemListElement":[{"@type":"ListItem","position":1,"name":"Velk\u00e1 rodina","item":"https:\/\/www.majami.cz\/velka-rodina\/#breadcrumbitem"}]}]