[{"@context":"https:\/\/schema.org\/","@type":"Article","@id":"https:\/\/www.majami.cz\/velky-den\/#Article","mainEntityOfPage":"https:\/\/www.majami.cz\/velky-den\/","headline":"Velk\u00fd den","name":"Velk\u00fd den","description":"Pokud u\u017e jste jako mal\u00e1 snila o tomto perfektn\u00edm dni s mnoha hosty a s v\u00fdborn\u00fdm j\u00eddlem, rozhodn\u011b se na [&hellip;]","datePublished":"2023-07-27","dateModified":"2023-07-27","author":{"@type":"Person","@id":"https:\/\/www.majami.cz\/author\/devene\/#Person","name":"devene","url":"https:\/\/www.majami.cz\/author\/devene\/","identifier":1,"image":{"@type":"ImageObject","@id":"https:\/\/secure.gravatar.com\/avatar\/56990d361a15c60249588fcd5c65556d1c39f993ac5e20b5abce42fd817b46e8?s=96&d=mm&r=g","url":"https:\/\/secure.gravatar.com\/avatar\/56990d361a15c60249588fcd5c65556d1c39f993ac5e20b5abce42fd817b46e8?s=96&d=mm&r=g","height":96,"width":96}},"publisher":{"@type":"Organization","name":"majami.cz","logo":{"@type":"ImageObject","@id":"\/logo.png","url":"\/logo.png","width":600,"height":60}},"url":"https:\/\/www.majami.cz\/velky-den\/","wordCount":253,"articleBody":"Pokud u\u017e jste jako mal\u00e1 snila o tomto perfektn\u00edm dni s mnoha hosty a s v\u00fdborn\u00fdm j\u00eddlem, rozhodn\u011b se na n\u00e1s obra\u0165te a my V\u00e1m na tento velk\u00fd den poskytneme ten nejlep\u0161\u00ed od\u011bv, kter\u00fd nikde jinde nese\u017eenete. Na\u0161e p\u016fj\u010dovna svatebn\u00edch \u0161at\u016f V\u00e1m poskytne tento od\u011bv za velice p\u0159\u00edznivou cenu, se kterou budete ur\u010dit\u011b spokojeni. D\u00edky na\u0161\u00ed spole\u010dnosti budete vypadat n\u00e1dhern\u011b, v\u0161ichni si V\u00e1s budou fotit a Vy se pozd\u011bji na tyto fotografie pod\u00edv\u00e1te a sami nebudete v\u011b\u0159it, jak jste v tomto od\u011bvu vypadala \u00fachvatn\u011b. Pokud se obr\u00e1t\u00edte na n\u00e1s, rozhodn\u011b se nebudete muset ob\u00e1vat toho, \u017ee V\u00e1\u0161 nast\u00e1vaj\u00edc\u00ed ute\u010de, proto\u017ee s na\u0161\u00ed pomoc\u00ed budete vypadat \u00fa\u017easn\u011b a v\u0161echny sv\u00fdm vzhledem okouzl\u00edte, t\u00edm si bu\u010fte jisti. Nev\u00e1hejte ani minutu a nav\u0161tivte na\u0161e internetov\u00e9 str\u00e1nky, kde se dozv\u00edte v\u0161echny pot\u0159ebn\u00e9 informace.\u017d\u00e1dn\u00e9 kupov\u00e1n\u00edJestli\u017ee nem\u00e1te dostate\u010dn\u00e9 finan\u010dn\u00ed prost\u0159edky na n\u00e1kup na tento od\u011bv, nezoufejte. P\u016fj\u010dovna svatebn\u00edch \u0161at\u016f mysl\u00ed i na ty, kte\u0159\u00ed nedisponuj\u00ed dostate\u010dn\u00fdmi pen\u011b\u017en\u00edmi prost\u0159edky. Pronajmete si je, maxim\u00e1ln\u011b si je u\u017eijete, a\u017e budete m\u00edt tento velk\u00fd den a potom n\u00e1m je zase vr\u00e1t\u00edte. D\u00edky n\u00e1m u\u0161et\u0159\u00edte opravdu hodn\u011b pen\u011bz.                                                                                                                                                                                                                                                                                                                                                                                                "},{"@context":"https:\/\/schema.org\/","@type":"BreadcrumbList","itemListElement":[{"@type":"ListItem","position":1,"name":"Velk\u00fd den","item":"https:\/\/www.majami.cz\/velky-den\/#breadcrumbitem"}]}]